{"id":3410,"date":"2026-04-29T17:42:03","date_gmt":"2026-04-29T15:42:03","guid":{"rendered":"https:\/\/afen.fr\/?p=3410"},"modified":"2026-04-30T10:05:56","modified_gmt":"2026-04-30T08:05:56","slug":"la-norvege-ouvre-la-voie-de-lelimination-du-carbone-edc-a-grande-echelle-en-europe-et-maintenant","status":"publish","type":"post","link":"https:\/\/afen.fr\/en\/actualite\/la-norvege-ouvre-la-voie-de-lelimination-du-carbone-edc-a-grande-echelle-en-europe-et-maintenant\/","title":{"rendered":"La Norv\u00e8ge ouvre la voie de l\u2019\u00e9limination du carbone (EDC) \u00e0 grande \u00e9chelle en Europe &#8211; et maintenant ?"},"content":{"rendered":"<p id=\"ember324\">Mi-avril, Mathilde Fajardy, Directrice Scientifique \u00e0 l&rsquo;<a href=\"https:\/\/www.linkedin.com\/company\/afen\/\" target=\"_blank\" rel=\"noreferrer noopener\">AFEN<\/a> a rejoint 400 industriels, gouvernements, et financiers au <a href=\"https:\/\/gassnova.no\/en\/gassnova-summit-2026\" target=\"_blank\" rel=\"noreferrer noopener\">Gassnova knowledge sharing summit CCS &amp; CDR<\/a> en Norv\u00e8ge.<\/p>\n\n\n\n<figure class=\"wp-block-image size-large is-resized\"><img fetchpriority=\"high\" decoding=\"async\" width=\"1024\" height=\"768\" src=\"https:\/\/afen.fr\/wp-content\/uploads\/2026\/04\/IMG_7771-1024x768.jpeg\" alt=\"\" class=\"wp-image-3412\" style=\"aspect-ratio:3\/2;object-fit:cover;width:840px;height:auto\" srcset=\"https:\/\/afen.fr\/wp-content\/uploads\/2026\/04\/IMG_7771-1024x768.jpeg 1024w, https:\/\/afen.fr\/wp-content\/uploads\/2026\/04\/IMG_7771-300x225.jpeg 300w, https:\/\/afen.fr\/wp-content\/uploads\/2026\/04\/IMG_7771-768x576.jpeg 768w, https:\/\/afen.fr\/wp-content\/uploads\/2026\/04\/IMG_7771-1536x1152.jpeg 1536w, https:\/\/afen.fr\/wp-content\/uploads\/2026\/04\/IMG_7771-16x12.jpeg 16w, https:\/\/afen.fr\/wp-content\/uploads\/2026\/04\/IMG_7771.jpeg 2016w\" sizes=\"(max-width: 1024px) 100vw, 1024px\" \/><figcaption class=\"wp-element-caption\">400 experts r\u00e9unis dans la ville de Sandefjord (Norv\u00e8ge): un record de concentration d&rsquo;expertise d&rsquo;\u00e9limination du carbone.<\/figcaption><\/figure>\n\n\n\n<h3 class=\"wp-block-heading\" id=\"ember325\">Un premi\u00e8re europ\u00e9enne<\/h3>\n\n\n\n<p id=\"ember326\">Le contexte marque une \u00e9tape majeure pour la fili\u00e8re de captage et stockage de CO2 en Europe : fin d\u2019\u00e9t\u00e9 2025, <em>Longship<\/em><strong>,<\/strong> la premiere cha\u00eene de valeur int\u00e9grant captage, transport, et stockage en Europe, est devenue une r\u00e9alit\u00e9 op\u00e9rationnelle apr\u00e8s une d\u00e9cennie de pr\u00e9paration. Les <a href=\"https:\/\/gassnova.no\/en\/news\/the-milestone-of-milestones-in-longship\" target=\"_blank\" rel=\"noreferrer noopener\">premiers volumes de CO2<\/a> ont \u00e9t\u00e9 capt\u00e9s \u00e0 la cimenterie Heidelberg Materials de <a href=\"https:\/\/www.brevikccs.com\/en\" target=\"_blank\" rel=\"noreferrer noopener\">Brevik<\/a>, transport\u00e9s par navire et stock\u00e9s \u00e0 2,6 km sous le fond marin dans le r\u00e9servoir de <em>Northern Lights<\/em>.<\/p>\n\n\n\n<p id=\"ember327\">Le gouvernement norv\u00e9gien a financ\u00e9 environ <a href=\"https:\/\/www.regjeringen.no\/en\/documents\/meld.-st.-33-20192020\/id2765361\/\" target=\"_blank\" rel=\"noreferrer noopener\">80 % des co\u00fbts d&rsquo;investissement et d\u2019op\u00e9ration sur 10 ans<\/a> pour l&rsquo;ensemble de la cha\u00eene, qui inclut \u00e9galement l&rsquo;usine de valorisation \u00e9nerg\u00e9tique des d\u00e9chets <a href=\"https:\/\/kommunikasjon.ntb.no\/pressemelding\/18397537\/karbonfangst-i-oslo-realiseres?publisherId=17848223&amp;lang=no\" target=\"_blank\" rel=\"noreferrer noopener\">Hafslund Celsio<\/a>, dont l&rsquo;unit\u00e9 de captage est actuellement en construction. Ce soutien gouvernemental a d\u00e9j\u00e0 permis le lancement d&rsquo;une deuxi\u00e8me phase commerciale, qui progresse pour servir des clients internationaux au Danemark (<a href=\"https:\/\/orsted.com\/en\/media\/news\/2023\/05\/20230515676011\" target=\"_blank\" rel=\"noreferrer noopener\">\u00d8rsted<\/a>), aux Pays-Bas (<a href=\"https:\/\/www.yara.com\/corporate-releases\/yara-invests-in-ccs-in-sluiskil-and-signs-binding-co2-transport-and-storage-agreement-with-northern-lights--the-worlds-first-cross-border-ccs-agreement-in-operation2\/\" target=\"_blank\" rel=\"noreferrer noopener\">Yara International<\/a>), en Su\u00e8de (<a href=\"https:\/\/norlights.com\/news\/northern-lights-is-expanding-capacity-through-commercial-agreement\/\" target=\"_blank\" rel=\"noreferrer noopener\">Stockholm Exergi<\/a>) et avec des premiers volumes attendus fin 2026.<\/p>\n\n\n\n<figure class=\"wp-block-image size-full\"><img decoding=\"async\" width=\"640\" height=\"480\" src=\"https:\/\/afen.fr\/wp-content\/uploads\/2026\/04\/IMG_7812-1.jpeg\" alt=\"\" class=\"wp-image-3415\" srcset=\"https:\/\/afen.fr\/wp-content\/uploads\/2026\/04\/IMG_7812-1.jpeg 640w, https:\/\/afen.fr\/wp-content\/uploads\/2026\/04\/IMG_7812-1-300x225.jpeg 300w, https:\/\/afen.fr\/wp-content\/uploads\/2026\/04\/IMG_7812-1-16x12.jpeg 16w\" sizes=\"(max-width: 640px) 100vw, 640px\" \/><figcaption class=\"wp-element-caption\">Visite de Hafslund Celsio: d\u00e8s 2029, le plus grand incin\u00e9rateur de Norv\u00e8ge captera 350 000 tonnes de CO2 par an pour une injection d\u00e9finitive en Mer du Nord.<\/figcaption><\/figure>\n\n\n\n<h2 class=\"wp-block-heading\" id=\"ember491\">Quelles implications pour l\u2019EDC en Europe?<\/h2>\n\n\n\n<p id=\"ember492\">\ud83d\udd39 <strong>L\u2019infrastructure de gestion du carbone comme catalyseur de l\u2019EDC \u00e0 grande \u00e9chelle :<\/strong> En fournissant un hub de stockage d\u00e9di\u00e9, Northern Lights va permettre de g\u00e9n\u00e9rer les premi\u00e8res \u00e9missions n\u00e9gatives \u00e0 grande \u00e9chelle d&rsquo;Europe, \u00e0 la fois c\u00f4t\u00e9s incin\u00e9rateurs (Hafslund Celsio) et unit\u00e9s de cog\u00e9n\u00e9ration biomasse (Danemark, Su\u00e8de). D\u00e9but mars, les premiers volumes de CO2 capt\u00e9s en sortie d&rsquo;une <a href=\"https:\/\/www.inheritcarbonsolutions.com\/news\/inherit-enters-operation-with-worlds-first-carbon-removal-project-from-biogas-in-norway\" target=\"_blank\" rel=\"noreferrer noopener\">usine de traitement d\u2019eaux us\u00e9es norv\u00e9gienne<\/a> ont aussi \u00e9t\u00e9 inject\u00e9s dans le site.<\/p>\n\n\n\n<p id=\"ember493\">\ud83d\udd39<strong>Le r\u00f4le crucial<\/strong> <strong>des march\u00e9s volontaires :<\/strong> Jannicke Gerner Bjerk\u00e5s (Hafslund Celsio), Johan B\u00f6rje (Stockholm Exergi) et Kathrine H\u00f8eg Johansen (\u00d8rsted) ont \u00e9t\u00e9 clairs : leurs projets n&rsquo;auraient pas pu voir le jour sans le march\u00e9 volontaire du carbone et les accords d&rsquo;achat anticip\u00e9s avec des acheteurs priv\u00e9s. Comme l&rsquo;ont soulign\u00e9 Jacob Bang (Microsoft) et Danny Broberg (Stripe), \u00e9largir la base d&rsquo;acheteurs n\u00e9cessite de renforcer la pertinence de l\u2019achat d\u2019EDC &#8211;&nbsp;notamment comme protection contre la future raret\u00e9 du march\u00e9 et pour des revendications vertes (\u00ab green claims \u00bb) de haute int\u00e9grit\u00e9 &#8211; mais cela exige des normes plus robustes sur la mani\u00e8re dont ces revendications sont formul\u00e9es et reconnues.<\/p>\n\n\n\n<figure class=\"wp-block-image size-large\"><img decoding=\"async\" width=\"1024\" height=\"672\" src=\"https:\/\/afen.fr\/wp-content\/uploads\/2026\/04\/IMG_7766-1024x672.jpeg\" alt=\"\" class=\"wp-image-3416\" srcset=\"https:\/\/afen.fr\/wp-content\/uploads\/2026\/04\/IMG_7766-1024x672.jpeg 1024w, https:\/\/afen.fr\/wp-content\/uploads\/2026\/04\/IMG_7766-300x197.jpeg 300w, https:\/\/afen.fr\/wp-content\/uploads\/2026\/04\/IMG_7766-768x504.jpeg 768w, https:\/\/afen.fr\/wp-content\/uploads\/2026\/04\/IMG_7766-1536x1007.jpeg 1536w, https:\/\/afen.fr\/wp-content\/uploads\/2026\/04\/IMG_7766-18x12.jpeg 18w, https:\/\/afen.fr\/wp-content\/uploads\/2026\/04\/IMG_7766.jpeg 1796w\" sizes=\"(max-width: 1024px) 100vw, 1024px\" \/><figcaption class=\"wp-element-caption\">Entre acheteurs (Microsoft, Stripe), d\u00e9veloppeurs (Hafslund Celsio, Stockholm Exergi) et d\u00e9cideurs publics (gouvernment danois), une conclusion unanime: pour passer \u00e0 l&rsquo;\u00e9chelle, le march\u00e9 de l&rsquo;\u00e9limination du carbone (EDC) doit structurer sa demande.<\/figcaption><\/figure>\n\n\n\n<p id=\"ember500\">\ud83d\udd39 <strong>L\u2019Etat doit maintenir le cap :<\/strong> L&rsquo;implication continue des gouvernements est plus que jamais n\u00e9cessaire pour stimuler la demande d\u2019EDC. Les <a href=\"https:\/\/bioenergyinternational.com\/soderenergi-pauses-beccs-project\/\" target=\"_blank\" rel=\"noreferrer noopener\">r\u00e9centes annulations<\/a> de projets de captage biog\u00e9nique en Su\u00e8de pour des raisons de financement et des retards annonc\u00e9s sur des projets en Norv\u00e8ge rappellent que le chemin vers une r\u00e9alit\u00e9 commerciale est encore long. Des initiatives telles que la taxe norv\u00e9gienne sur les \u00e9missions n\u00e9gatives, l&rsquo;int\u00e9gration de l\u2019EDC dans le syst\u00e8me d&rsquo;\u00e9change de quotas d&rsquo;\u00e9mission de l&rsquo;UE (EU ETS) et le d\u00e9veloppement de groupements d&rsquo;acheteurs europ\u00e9ens (<em>EU buyer&rsquo;s clubs<\/em>) sont essentielles pour stabiliser le march\u00e9 \u00e0 long terme.<\/p>\n\n\n\n<p id=\"ember501\">\ud83d\udd39<strong>Des transferts de connaissances cl\u00e9:<\/strong> \u00c0 mesure que l&rsquo;exp\u00e9rience op\u00e9rationnelle s&rsquo;accumule, le partage d&rsquo;expertise sera vital &#8211; de la conception des projets de captage aux structures de contrats bilat\u00e9raux pour le transport de CO2, en passant par la gouvernance des revendications d\u2019EDC. Les autres gouvernements europ\u00e9ens et d\u00e9veloppeurs de projets ont beaucoup \u00e0 apprendre de ces pionniers. Et quand les donn\u00e9es sont commercialement sensibles, les \u00c9tats ont un r\u00f4le central \u00e0 jouer pour arbitrer ces efforts de partage de connaissances.<\/p>","protected":false},"excerpt":{"rendered":"<p>Mi-avril, Mathilde Fajardy, Directrice Scientifique \u00e0 l&rsquo;AFEN a rejoint 400 industriels, gouvernements, et financiers au Gassnova knowledge sharing summit CCS &amp; CDR en Norv\u00e8ge. Un premi\u00e8re europ\u00e9enne Le contexte marque une \u00e9tape majeure pour la fili\u00e8re de captage et stockage de CO2 en Europe : fin d\u2019\u00e9t\u00e9 2025, Longship, la premiere cha\u00eene de valeur int\u00e9grant [&hellip;]<\/p>","protected":false},"author":9,"featured_media":3412,"comment_status":"closed","ping_status":"closed","sticky":false,"template":"","format":"standard","meta":{"footnotes":""},"categories":[1],"tags":[],"class_list":["post-3410","post","type-post","status-publish","format-standard","has-post-thumbnail","hentry","category-blog"],"yoast_head":"<!-- This site is optimized with the Yoast SEO plugin v23.4 - https:\/\/yoast.com\/wordpress\/plugins\/seo\/ -->\n<title>La Norv\u00e8ge ouvre la voie de l\u2019\u00e9limination du carbone (EDC) \u00e0 grande \u00e9chelle en Europe - et maintenant ? &#8211; AFEN<\/title>\n<meta name=\"description\" content=\"Mi-avril l&#039;AFEN a rejoint 400 industriels, gouvernements, et financiers au Gassnova knowledge sharing summit CCS &amp; CDR en Norv\u00e8ge. Le contexte marque une \u00e9tape majeure pour la fili\u00e8re de captage et stockage de CO2 en Europe : fin d\u2019\u00e9t\u00e9 2025, Longship, la premiere cha\u00eene de valeur int\u00e9grant captage, transport, et stockage en Europe, est devenue une r\u00e9alit\u00e9 op\u00e9rationnelle apr\u00e8s une d\u00e9cennie de pr\u00e9paration.\" \/>\n<meta name=\"robots\" content=\"index, follow, max-snippet:-1, max-image-preview:large, max-video-preview:-1\" \/>\n<link rel=\"canonical\" href=\"https:\/\/afen.fr\/en\/actualite\/la-norvege-ouvre-la-voie-de-lelimination-du-carbone-edc-a-grande-echelle-en-europe-et-maintenant\/\" \/>\n<meta property=\"og:locale\" content=\"en_US\" \/>\n<meta property=\"og:type\" content=\"article\" \/>\n<meta property=\"og:title\" content=\"La Norv\u00e8ge ouvre la voie de l\u2019\u00e9limination du carbone (EDC) \u00e0 grande \u00e9chelle en Europe - et maintenant ? &#8211; AFEN\" \/>\n<meta property=\"og:description\" content=\"Mi-avril l&#039;AFEN a rejoint 400 industriels, gouvernements, et financiers au Gassnova knowledge sharing summit CCS &amp; CDR en Norv\u00e8ge. Le contexte marque une \u00e9tape majeure pour la fili\u00e8re de captage et stockage de CO2 en Europe : fin d\u2019\u00e9t\u00e9 2025, Longship, la premiere cha\u00eene de valeur int\u00e9grant captage, transport, et stockage en Europe, est devenue une r\u00e9alit\u00e9 op\u00e9rationnelle apr\u00e8s une d\u00e9cennie de pr\u00e9paration.\" \/>\n<meta property=\"og:url\" content=\"https:\/\/afen.fr\/en\/actualite\/la-norvege-ouvre-la-voie-de-lelimination-du-carbone-edc-a-grande-echelle-en-europe-et-maintenant\/\" \/>\n<meta property=\"og:site_name\" content=\"AFEN\" \/>\n<meta property=\"article:published_time\" content=\"2026-04-29T15:42:03+00:00\" \/>\n<meta property=\"article:modified_time\" content=\"2026-04-30T08:05:56+00:00\" \/>\n<meta property=\"og:image\" content=\"https:\/\/afen.fr\/wp-content\/uploads\/2026\/04\/IMG_7771.jpeg\" \/>\n\t<meta property=\"og:image:width\" content=\"2016\" \/>\n\t<meta property=\"og:image:height\" content=\"1512\" \/>\n\t<meta property=\"og:image:type\" content=\"image\/jpeg\" \/>\n<meta name=\"author\" content=\"Mathilde Fajardy\" \/>\n<meta name=\"twitter:card\" content=\"summary_large_image\" \/>\n<meta name=\"twitter:label1\" content=\"Written by\" \/>\n\t<meta name=\"twitter:data1\" content=\"Mathilde Fajardy\" \/>\n\t<meta name=\"twitter:label2\" content=\"Est. reading time\" \/>\n\t<meta name=\"twitter:data2\" content=\"4 minutes\" \/>\n<script type=\"application\/ld+json\" class=\"yoast-schema-graph\">{\"@context\":\"https:\/\/schema.org\",\"@graph\":[{\"@type\":\"Article\",\"@id\":\"https:\/\/afen.fr\/actualite\/la-norvege-ouvre-la-voie-de-lelimination-du-carbone-edc-a-grande-echelle-en-europe-et-maintenant\/#article\",\"isPartOf\":{\"@id\":\"https:\/\/afen.fr\/actualite\/la-norvege-ouvre-la-voie-de-lelimination-du-carbone-edc-a-grande-echelle-en-europe-et-maintenant\/\"},\"author\":{\"name\":\"Mathilde Fajardy\",\"@id\":\"https:\/\/afen.fr\/#\/schema\/person\/f7314362c8bef03c45ee17bf27e0fd9c\"},\"headline\":\"La Norv\u00e8ge ouvre la voie de l\u2019\u00e9limination du carbone (EDC) \u00e0 grande \u00e9chelle en Europe &#8211; et maintenant ?\",\"datePublished\":\"2026-04-29T15:42:03+00:00\",\"dateModified\":\"2026-04-30T08:05:56+00:00\",\"mainEntityOfPage\":{\"@id\":\"https:\/\/afen.fr\/actualite\/la-norvege-ouvre-la-voie-de-lelimination-du-carbone-edc-a-grande-echelle-en-europe-et-maintenant\/\"},\"wordCount\":735,\"publisher\":{\"@id\":\"https:\/\/afen.fr\/#organization\"},\"image\":{\"@id\":\"https:\/\/afen.fr\/actualite\/la-norvege-ouvre-la-voie-de-lelimination-du-carbone-edc-a-grande-echelle-en-europe-et-maintenant\/#primaryimage\"},\"thumbnailUrl\":\"https:\/\/afen.fr\/wp-content\/uploads\/2026\/04\/IMG_7771.jpeg\",\"articleSection\":[\"Blog\"],\"inLanguage\":\"en-US\"},{\"@type\":\"WebPage\",\"@id\":\"https:\/\/afen.fr\/actualite\/la-norvege-ouvre-la-voie-de-lelimination-du-carbone-edc-a-grande-echelle-en-europe-et-maintenant\/\",\"url\":\"https:\/\/afen.fr\/actualite\/la-norvege-ouvre-la-voie-de-lelimination-du-carbone-edc-a-grande-echelle-en-europe-et-maintenant\/\",\"name\":\"La Norv\u00e8ge ouvre la voie de l\u2019\u00e9limination du carbone (EDC) \u00e0 grande \u00e9chelle en Europe - et maintenant ? &#8211; AFEN\",\"isPartOf\":{\"@id\":\"https:\/\/afen.fr\/#website\"},\"primaryImageOfPage\":{\"@id\":\"https:\/\/afen.fr\/actualite\/la-norvege-ouvre-la-voie-de-lelimination-du-carbone-edc-a-grande-echelle-en-europe-et-maintenant\/#primaryimage\"},\"image\":{\"@id\":\"https:\/\/afen.fr\/actualite\/la-norvege-ouvre-la-voie-de-lelimination-du-carbone-edc-a-grande-echelle-en-europe-et-maintenant\/#primaryimage\"},\"thumbnailUrl\":\"https:\/\/afen.fr\/wp-content\/uploads\/2026\/04\/IMG_7771.jpeg\",\"datePublished\":\"2026-04-29T15:42:03+00:00\",\"dateModified\":\"2026-04-30T08:05:56+00:00\",\"description\":\"Mi-avril l'AFEN a rejoint 400 industriels, gouvernements, et financiers au Gassnova knowledge sharing summit CCS & CDR en Norv\u00e8ge. Le contexte marque une \u00e9tape majeure pour la fili\u00e8re de captage et stockage de CO2 en Europe : fin d\u2019\u00e9t\u00e9 2025, Longship, la premiere cha\u00eene de valeur int\u00e9grant captage, transport, et stockage en Europe, est devenue une r\u00e9alit\u00e9 op\u00e9rationnelle apr\u00e8s une d\u00e9cennie de pr\u00e9paration.\",\"breadcrumb\":{\"@id\":\"https:\/\/afen.fr\/actualite\/la-norvege-ouvre-la-voie-de-lelimination-du-carbone-edc-a-grande-echelle-en-europe-et-maintenant\/#breadcrumb\"},\"inLanguage\":\"en-US\",\"potentialAction\":[{\"@type\":\"ReadAction\",\"target\":[\"https:\/\/afen.fr\/actualite\/la-norvege-ouvre-la-voie-de-lelimination-du-carbone-edc-a-grande-echelle-en-europe-et-maintenant\/\"]}]},{\"@type\":\"ImageObject\",\"inLanguage\":\"en-US\",\"@id\":\"https:\/\/afen.fr\/actualite\/la-norvege-ouvre-la-voie-de-lelimination-du-carbone-edc-a-grande-echelle-en-europe-et-maintenant\/#primaryimage\",\"url\":\"https:\/\/afen.fr\/wp-content\/uploads\/2026\/04\/IMG_7771.jpeg\",\"contentUrl\":\"https:\/\/afen.fr\/wp-content\/uploads\/2026\/04\/IMG_7771.jpeg\",\"width\":2016,\"height\":1512},{\"@type\":\"BreadcrumbList\",\"@id\":\"https:\/\/afen.fr\/actualite\/la-norvege-ouvre-la-voie-de-lelimination-du-carbone-edc-a-grande-echelle-en-europe-et-maintenant\/#breadcrumb\",\"itemListElement\":[{\"@type\":\"ListItem\",\"position\":1,\"name\":\"Accueil\",\"item\":\"https:\/\/afen.fr\/\"},{\"@type\":\"ListItem\",\"position\":2,\"name\":\"La Norv\u00e8ge ouvre la voie de l\u2019\u00e9limination du carbone (EDC) \u00e0 grande \u00e9chelle en Europe &#8211; et maintenant ?\"}]},{\"@type\":\"WebSite\",\"@id\":\"https:\/\/afen.fr\/#website\",\"url\":\"https:\/\/afen.fr\/\",\"name\":\"AFEN\",\"description\":\"Association Fran\u00e7aise pour les \u00c9missions N\u00e9gatives\",\"publisher\":{\"@id\":\"https:\/\/afen.fr\/#organization\"},\"potentialAction\":[{\"@type\":\"SearchAction\",\"target\":{\"@type\":\"EntryPoint\",\"urlTemplate\":\"https:\/\/afen.fr\/?s={search_term_string}\"},\"query-input\":{\"@type\":\"PropertyValueSpecification\",\"valueRequired\":true,\"valueName\":\"search_term_string\"}}],\"inLanguage\":\"en-US\"},{\"@type\":\"Organization\",\"@id\":\"https:\/\/afen.fr\/#organization\",\"name\":\"Association Fran\u00e7aise pour les Emissions N\u00e9gatives\",\"alternateName\":\"AFEN\",\"url\":\"https:\/\/afen.fr\/\",\"logo\":{\"@type\":\"ImageObject\",\"inLanguage\":\"en-US\",\"@id\":\"https:\/\/afen.fr\/#\/schema\/logo\/image\/\",\"url\":\"https:\/\/afen.fr\/wp-content\/uploads\/2024\/03\/AFEN-logo_rvb.svg\",\"contentUrl\":\"https:\/\/afen.fr\/wp-content\/uploads\/2024\/03\/AFEN-logo_rvb.svg\",\"width\":777,\"height\":120,\"caption\":\"Association Fran\u00e7aise pour les Emissions N\u00e9gatives\"},\"image\":{\"@id\":\"https:\/\/afen.fr\/#\/schema\/logo\/image\/\"},\"sameAs\":[\"https:\/\/www.linkedin.com\/company\/afen\/\"]},{\"@type\":\"Person\",\"@id\":\"https:\/\/afen.fr\/#\/schema\/person\/f7314362c8bef03c45ee17bf27e0fd9c\",\"name\":\"Mathilde Fajardy\",\"image\":{\"@type\":\"ImageObject\",\"inLanguage\":\"en-US\",\"@id\":\"https:\/\/afen.fr\/#\/schema\/person\/image\/\",\"url\":\"https:\/\/secure.gravatar.com\/avatar\/4b69d8f65e299d98041dc27826792909?s=96&d=mm&r=g\",\"contentUrl\":\"https:\/\/secure.gravatar.com\/avatar\/4b69d8f65e299d98041dc27826792909?s=96&d=mm&r=g\",\"caption\":\"Mathilde Fajardy\"}}]}<\/script>\n<!-- \/ Yoast SEO plugin. -->","yoast_head_json":{"title":"La Norv\u00e8ge ouvre la voie de l\u2019\u00e9limination du carbone (EDC) \u00e0 grande \u00e9chelle en Europe - et maintenant ? &#8211; AFEN","description":"Mi-avril l'AFEN a rejoint 400 industriels, gouvernements, et financiers au Gassnova knowledge sharing summit CCS & CDR en Norv\u00e8ge. Le contexte marque une \u00e9tape majeure pour la fili\u00e8re de captage et stockage de CO2 en Europe : fin d\u2019\u00e9t\u00e9 2025, Longship, la premiere cha\u00eene de valeur int\u00e9grant captage, transport, et stockage en Europe, est devenue une r\u00e9alit\u00e9 op\u00e9rationnelle apr\u00e8s une d\u00e9cennie de pr\u00e9paration.","robots":{"index":"index","follow":"follow","max-snippet":"max-snippet:-1","max-image-preview":"max-image-preview:large","max-video-preview":"max-video-preview:-1"},"canonical":"https:\/\/afen.fr\/en\/actualite\/la-norvege-ouvre-la-voie-de-lelimination-du-carbone-edc-a-grande-echelle-en-europe-et-maintenant\/","og_locale":"en_US","og_type":"article","og_title":"La Norv\u00e8ge ouvre la voie de l\u2019\u00e9limination du carbone (EDC) \u00e0 grande \u00e9chelle en Europe - et maintenant ? &#8211; AFEN","og_description":"Mi-avril l'AFEN a rejoint 400 industriels, gouvernements, et financiers au Gassnova knowledge sharing summit CCS & CDR en Norv\u00e8ge. Le contexte marque une \u00e9tape majeure pour la fili\u00e8re de captage et stockage de CO2 en Europe : fin d\u2019\u00e9t\u00e9 2025, Longship, la premiere cha\u00eene de valeur int\u00e9grant captage, transport, et stockage en Europe, est devenue une r\u00e9alit\u00e9 op\u00e9rationnelle apr\u00e8s une d\u00e9cennie de pr\u00e9paration.","og_url":"https:\/\/afen.fr\/en\/actualite\/la-norvege-ouvre-la-voie-de-lelimination-du-carbone-edc-a-grande-echelle-en-europe-et-maintenant\/","og_site_name":"AFEN","article_published_time":"2026-04-29T15:42:03+00:00","article_modified_time":"2026-04-30T08:05:56+00:00","og_image":[{"width":2016,"height":1512,"url":"https:\/\/afen.fr\/wp-content\/uploads\/2026\/04\/IMG_7771.jpeg","type":"image\/jpeg"}],"author":"Mathilde Fajardy","twitter_card":"summary_large_image","twitter_misc":{"Written by":"Mathilde Fajardy","Est. reading time":"4 minutes"},"schema":{"@context":"https:\/\/schema.org","@graph":[{"@type":"Article","@id":"https:\/\/afen.fr\/actualite\/la-norvege-ouvre-la-voie-de-lelimination-du-carbone-edc-a-grande-echelle-en-europe-et-maintenant\/#article","isPartOf":{"@id":"https:\/\/afen.fr\/actualite\/la-norvege-ouvre-la-voie-de-lelimination-du-carbone-edc-a-grande-echelle-en-europe-et-maintenant\/"},"author":{"name":"Mathilde Fajardy","@id":"https:\/\/afen.fr\/#\/schema\/person\/f7314362c8bef03c45ee17bf27e0fd9c"},"headline":"La Norv\u00e8ge ouvre la voie de l\u2019\u00e9limination du carbone (EDC) \u00e0 grande \u00e9chelle en Europe &#8211; et maintenant ?","datePublished":"2026-04-29T15:42:03+00:00","dateModified":"2026-04-30T08:05:56+00:00","mainEntityOfPage":{"@id":"https:\/\/afen.fr\/actualite\/la-norvege-ouvre-la-voie-de-lelimination-du-carbone-edc-a-grande-echelle-en-europe-et-maintenant\/"},"wordCount":735,"publisher":{"@id":"https:\/\/afen.fr\/#organization"},"image":{"@id":"https:\/\/afen.fr\/actualite\/la-norvege-ouvre-la-voie-de-lelimination-du-carbone-edc-a-grande-echelle-en-europe-et-maintenant\/#primaryimage"},"thumbnailUrl":"https:\/\/afen.fr\/wp-content\/uploads\/2026\/04\/IMG_7771.jpeg","articleSection":["Blog"],"inLanguage":"en-US"},{"@type":"WebPage","@id":"https:\/\/afen.fr\/actualite\/la-norvege-ouvre-la-voie-de-lelimination-du-carbone-edc-a-grande-echelle-en-europe-et-maintenant\/","url":"https:\/\/afen.fr\/actualite\/la-norvege-ouvre-la-voie-de-lelimination-du-carbone-edc-a-grande-echelle-en-europe-et-maintenant\/","name":"La Norv\u00e8ge ouvre la voie de l\u2019\u00e9limination du carbone (EDC) \u00e0 grande \u00e9chelle en Europe - et maintenant ? &#8211; AFEN","isPartOf":{"@id":"https:\/\/afen.fr\/#website"},"primaryImageOfPage":{"@id":"https:\/\/afen.fr\/actualite\/la-norvege-ouvre-la-voie-de-lelimination-du-carbone-edc-a-grande-echelle-en-europe-et-maintenant\/#primaryimage"},"image":{"@id":"https:\/\/afen.fr\/actualite\/la-norvege-ouvre-la-voie-de-lelimination-du-carbone-edc-a-grande-echelle-en-europe-et-maintenant\/#primaryimage"},"thumbnailUrl":"https:\/\/afen.fr\/wp-content\/uploads\/2026\/04\/IMG_7771.jpeg","datePublished":"2026-04-29T15:42:03+00:00","dateModified":"2026-04-30T08:05:56+00:00","description":"Mi-avril l'AFEN a rejoint 400 industriels, gouvernements, et financiers au Gassnova knowledge sharing summit CCS & CDR en Norv\u00e8ge. Le contexte marque une \u00e9tape majeure pour la fili\u00e8re de captage et stockage de CO2 en Europe : fin d\u2019\u00e9t\u00e9 2025, Longship, la premiere cha\u00eene de valeur int\u00e9grant captage, transport, et stockage en Europe, est devenue une r\u00e9alit\u00e9 op\u00e9rationnelle apr\u00e8s une d\u00e9cennie de pr\u00e9paration.","breadcrumb":{"@id":"https:\/\/afen.fr\/actualite\/la-norvege-ouvre-la-voie-de-lelimination-du-carbone-edc-a-grande-echelle-en-europe-et-maintenant\/#breadcrumb"},"inLanguage":"en-US","potentialAction":[{"@type":"ReadAction","target":["https:\/\/afen.fr\/actualite\/la-norvege-ouvre-la-voie-de-lelimination-du-carbone-edc-a-grande-echelle-en-europe-et-maintenant\/"]}]},{"@type":"ImageObject","inLanguage":"en-US","@id":"https:\/\/afen.fr\/actualite\/la-norvege-ouvre-la-voie-de-lelimination-du-carbone-edc-a-grande-echelle-en-europe-et-maintenant\/#primaryimage","url":"https:\/\/afen.fr\/wp-content\/uploads\/2026\/04\/IMG_7771.jpeg","contentUrl":"https:\/\/afen.fr\/wp-content\/uploads\/2026\/04\/IMG_7771.jpeg","width":2016,"height":1512},{"@type":"BreadcrumbList","@id":"https:\/\/afen.fr\/actualite\/la-norvege-ouvre-la-voie-de-lelimination-du-carbone-edc-a-grande-echelle-en-europe-et-maintenant\/#breadcrumb","itemListElement":[{"@type":"ListItem","position":1,"name":"Accueil","item":"https:\/\/afen.fr\/"},{"@type":"ListItem","position":2,"name":"La Norv\u00e8ge ouvre la voie de l\u2019\u00e9limination du carbone (EDC) \u00e0 grande \u00e9chelle en Europe &#8211; et maintenant ?"}]},{"@type":"WebSite","@id":"https:\/\/afen.fr\/#website","url":"https:\/\/afen.fr\/","name":"AFEN","description":"Association Fran\u00e7aise pour les \u00c9missions N\u00e9gatives","publisher":{"@id":"https:\/\/afen.fr\/#organization"},"potentialAction":[{"@type":"SearchAction","target":{"@type":"EntryPoint","urlTemplate":"https:\/\/afen.fr\/?s={search_term_string}"},"query-input":{"@type":"PropertyValueSpecification","valueRequired":true,"valueName":"search_term_string"}}],"inLanguage":"en-US"},{"@type":"Organization","@id":"https:\/\/afen.fr\/#organization","name":"Association Fran\u00e7aise pour les Emissions N\u00e9gatives","alternateName":"AFEN","url":"https:\/\/afen.fr\/","logo":{"@type":"ImageObject","inLanguage":"en-US","@id":"https:\/\/afen.fr\/#\/schema\/logo\/image\/","url":"https:\/\/afen.fr\/wp-content\/uploads\/2024\/03\/AFEN-logo_rvb.svg","contentUrl":"https:\/\/afen.fr\/wp-content\/uploads\/2024\/03\/AFEN-logo_rvb.svg","width":777,"height":120,"caption":"Association Fran\u00e7aise pour les Emissions N\u00e9gatives"},"image":{"@id":"https:\/\/afen.fr\/#\/schema\/logo\/image\/"},"sameAs":["https:\/\/www.linkedin.com\/company\/afen\/"]},{"@type":"Person","@id":"https:\/\/afen.fr\/#\/schema\/person\/f7314362c8bef03c45ee17bf27e0fd9c","name":"Mathilde Fajardy","image":{"@type":"ImageObject","inLanguage":"en-US","@id":"https:\/\/afen.fr\/#\/schema\/person\/image\/","url":"https:\/\/secure.gravatar.com\/avatar\/4b69d8f65e299d98041dc27826792909?s=96&d=mm&r=g","contentUrl":"https:\/\/secure.gravatar.com\/avatar\/4b69d8f65e299d98041dc27826792909?s=96&d=mm&r=g","caption":"Mathilde Fajardy"}}]}},"_links":{"self":[{"href":"https:\/\/afen.fr\/en\/wp-json\/wp\/v2\/posts\/3410"}],"collection":[{"href":"https:\/\/afen.fr\/en\/wp-json\/wp\/v2\/posts"}],"about":[{"href":"https:\/\/afen.fr\/en\/wp-json\/wp\/v2\/types\/post"}],"author":[{"embeddable":true,"href":"https:\/\/afen.fr\/en\/wp-json\/wp\/v2\/users\/9"}],"replies":[{"embeddable":true,"href":"https:\/\/afen.fr\/en\/wp-json\/wp\/v2\/comments?post=3410"}],"version-history":[{"count":4,"href":"https:\/\/afen.fr\/en\/wp-json\/wp\/v2\/posts\/3410\/revisions"}],"predecessor-version":[{"id":3422,"href":"https:\/\/afen.fr\/en\/wp-json\/wp\/v2\/posts\/3410\/revisions\/3422"}],"wp:featuredmedia":[{"embeddable":true,"href":"https:\/\/afen.fr\/en\/wp-json\/wp\/v2\/media\/3412"}],"wp:attachment":[{"href":"https:\/\/afen.fr\/en\/wp-json\/wp\/v2\/media?parent=3410"}],"wp:term":[{"taxonomy":"category","embeddable":true,"href":"https:\/\/afen.fr\/en\/wp-json\/wp\/v2\/categories?post=3410"},{"taxonomy":"post_tag","embeddable":true,"href":"https:\/\/afen.fr\/en\/wp-json\/wp\/v2\/tags?post=3410"}],"curies":[{"name":"wp","href":"https:\/\/api.w.org\/{rel}","templated":true}]}}